{"id":350,"date":"2022-10-14T11:14:00","date_gmt":"2022-10-14T09:14:00","guid":{"rendered":"https:\/\/youth4society.org\/new\/?p=350"},"modified":"2025-03-25T23:12:35","modified_gmt":"2025-03-25T22:12:35","slug":"projekti-eco-youth-tirana-y4s-shpall-procesin-e-prokurimit","status":"publish","type":"post","link":"https:\/\/youth4society.org\/new\/projekti-eco-youth-tirana-y4s-shpall-procesin-e-prokurimit\/","title":{"rendered":"Projekti Eco-You(th) Tirana, Y4S shpall procesin e prokurimit"},"content":{"rendered":"\n<div class=\"wp-block-file\"><a href=\"https:\/\/youth4society.org\/new\/wp-content\/uploads\/2023\/02\/TENDER-TRANSPORT-2.docx\">TENDER-TRANSPORT-2<\/a><a href=\"https:\/\/youth4society.org\/new\/wp-content\/uploads\/2023\/02\/TENDER-TRANSPORT-2.docx\" class=\"wp-block-file__button\" download>Download<\/a><\/div>\n\n\n\n<p><strong>Ne kuader te projektit \u201cECO-YOU (th) TIRANA, organizata Youth 4 Society shpall procesin e prokurimit p\u00ebr sh\u00ebrbimin TRANSPORTI me Autobuz ose furgon<\/strong>. <br><strong>Kushtet p\u00ebr pjes\u00ebmarrje<\/strong>:T\u00eb gjith\u00eb subjektet e interesuara duhet t\u00eb dor\u00ebzojn\u00eb ofert\u00ebn e tyre sikurse parashikohet n\u00eb kushtet e p\u00ebrgjithshme dhe specifike t\u00eb k\u00ebsaj ftese , n\u00eb adres\u00ebn e e-mailit: <a href=\"mailto:info@youth4society.org\">info@youth4society.org<\/a> \u00a0<br>Shkarkoni thirrjen e meposhtme per me shume!<br><\/p>\n\n\n\n<p>*Ky projekt organizohet n\u00eb kuad\u00ebr t\u00eb programit Tirana Kryeqyteti Evropian i Rinis\u00eb 2022 me mb\u00ebshtetjen financiare t\u00eb Kongresit Rinor Komb\u00ebtar n\u00eb bashk\u00ebpunim me Bashkin\u00eb Tiran\u00eb.*<\/p>\n\n\n\n<p><a href=\"https:\/\/www.facebook.com\/hashtag\/tirana?__eep__=6&amp;__tn__=*NK*F\">#tirana<\/a>#youth#EuropeanYouthCapital2022<br><a href=\"https:\/\/www.facebook.com\/hashtag\/eyc2022?__eep__=6&amp;__tn__=*NK*F\">#EYC2022<\/a><a href=\"https:\/\/www.facebook.com\/hashtag\/activateyouth?__eep__=6&amp;__tn__=*NK*F\">#ActivateYouth<\/a><br><a href=\"https:\/\/www.facebook.com\/hashtag\/europeanyearofyouth?__eep__=6&amp;__tn__=*NK*F\">#EuropeanYearOfYouth<\/a><a href=\"https:\/\/www.facebook.com\/hashtag\/nationalyouthcongress?__eep__=6&amp;__tn__=*NK*F\">#NationalYouthCongress<\/a><br><a href=\"https:\/\/www.facebook.com\/hashtag\/cityoftirana?__eep__=6&amp;__tn__=*NK*F\">#CityOfTirana<\/a><a href=\"https:\/\/www.facebook.com\/hashtag\/rini?__eep__=6&amp;__tn__=*NK*F\">#Rini<\/a>&nbsp;aktive&nbsp;<a href=\"https:\/\/www.facebook.com\/hashtag\/vullnetariz%C3%ABm?__eep__=6&amp;__tn__=*NK*F\">#Vullnetariz\u00ebm<\/a><a href=\"https:\/\/www.facebook.com\/hashtag\/arg%C3%ABtim?__eep__=6&amp;__tn__=*NK*F\">#arg\u00ebtim<\/a><a href=\"https:\/\/www.facebook.com\/hashtag\/gjith%C3%ABp%C3%ABrfshirje?__eep__=6&amp;__tn__=*NK*F\">#Gjith\u00ebp\u00ebrfshirje<\/a><\/p>\n","protected":false},"excerpt":{"rendered":"<p>Ne kuader te projektit \u201cECO-YOU (th) TIRANA, organizata Youth 4 Society shpall procesin e prokurimit p\u00ebr sh\u00ebrbimin TRANSPORTI me Autobuz ose furgon. Kushtet p\u00ebr pjes\u00ebmarrje:T\u00eb gjith\u00eb subjektet e interesuara duhet t\u00eb dor\u00ebzojn\u00eb ofert\u00ebn e tyre sikurse parashikohet n\u00eb kushtet e p\u00ebrgjithshme dhe specifike t\u00eb k\u00ebsaj ftese , n\u00eb adres\u00ebn e e-mailit: info@youth4society.org \u00a0Shkarkoni thirrjen e &hellip; <a href=\"https:\/\/youth4society.org\/new\/projekti-eco-youth-tirana-y4s-shpall-procesin-e-prokurimit\/\" class=\"more-link\">Continue reading <span class=\"screen-reader-text\">Projekti Eco-You(th) Tirana, Y4S shpall procesin e prokurimit<\/span> <span class=\"meta-nav\">&rarr;<\/span><\/a><\/p>\n","protected":false},"author":2,"featured_media":137,"comment_status":"closed","ping_status":"open","sticky":false,"template":"","format":"standard","meta":{"footnotes":""},"categories":[1],"tags":[],"class_list":["post-350","post","type-post","status-publish","format-standard","has-post-thumbnail","hentry","category-uncategorized"],"_links":{"self":[{"href":"https:\/\/youth4society.org\/new\/wp-json\/wp\/v2\/posts\/350","targetHints":{"allow":["GET"]}}],"collection":[{"href":"https:\/\/youth4society.org\/new\/wp-json\/wp\/v2\/posts"}],"about":[{"href":"https:\/\/youth4society.org\/new\/wp-json\/wp\/v2\/types\/post"}],"author":[{"embeddable":true,"href":"https:\/\/youth4society.org\/new\/wp-json\/wp\/v2\/users\/2"}],"replies":[{"embeddable":true,"href":"https:\/\/youth4society.org\/new\/wp-json\/wp\/v2\/comments?post=350"}],"version-history":[{"count":3,"href":"https:\/\/youth4society.org\/new\/wp-json\/wp\/v2\/posts\/350\/revisions"}],"predecessor-version":[{"id":380,"href":"https:\/\/youth4society.org\/new\/wp-json\/wp\/v2\/posts\/350\/revisions\/380"}],"wp:featuredmedia":[{"embeddable":true,"href":"https:\/\/youth4society.org\/new\/wp-json\/wp\/v2\/media\/137"}],"wp:attachment":[{"href":"https:\/\/youth4society.org\/new\/wp-json\/wp\/v2\/media?parent=350"}],"wp:term":[{"taxonomy":"category","embeddable":true,"href":"https:\/\/youth4society.org\/new\/wp-json\/wp\/v2\/categories?post=350"},{"taxonomy":"post_tag","embeddable":true,"href":"https:\/\/youth4society.org\/new\/wp-json\/wp\/v2\/tags?post=350"}],"curies":[{"name":"wp","href":"https:\/\/api.w.org\/{rel}","templated":true}]}}